{"id":1289,"date":"2020-04-23T18:17:44","date_gmt":"2020-04-23T16:17:44","guid":{"rendered":"https:\/\/cplumbier.educacion.navarra.es\/web\/?p=1289"},"modified":"2020-04-26T00:49:35","modified_gmt":"2020-04-25T22:49:35","slug":"video-cuentos-dia-del-libro","status":"publish","type":"post","link":"https:\/\/cplumbier.educacion.navarra.es\/web\/blog\/2020\/04\/23\/video-cuentos-dia-del-libro\/","title":{"rendered":"V\u00cdDEO-CUENTOS: D\u00cdA DEL LIBRO"},"content":{"rendered":"\n<p>Nuestra creativa y entregada compa\u00f1era Andrea Irisarri Lasarte ha tenido la bonita idea de amenizarnos cada d\u00eda de esta semana con un v\u00eddeo-cuento.<\/p>\n\n\n\n<figure class=\"wp-block-image size-large\"><img loading=\"lazy\" width=\"1024\" height=\"584\" src=\"https:\/\/cplumbier.educacion.navarra.es\/web\/wp-content\/uploads\/2020\/04\/978-84-15208-72-3_Vacio_Cubierta-1024x584.jpg\" alt=\"\" class=\"wp-image-1291\" srcset=\"https:\/\/cplumbier.educacion.navarra.es\/web\/wp-content\/uploads\/2020\/04\/978-84-15208-72-3_Vacio_Cubierta-1024x584.jpg 1024w, https:\/\/cplumbier.educacion.navarra.es\/web\/wp-content\/uploads\/2020\/04\/978-84-15208-72-3_Vacio_Cubierta-300x171.jpg 300w, https:\/\/cplumbier.educacion.navarra.es\/web\/wp-content\/uploads\/2020\/04\/978-84-15208-72-3_Vacio_Cubierta-768x438.jpg 768w, https:\/\/cplumbier.educacion.navarra.es\/web\/wp-content\/uploads\/2020\/04\/978-84-15208-72-3_Vacio_Cubierta.jpg 1280w\" sizes=\"(max-width: 1024px) 100vw, 1024px\" \/><\/figure>\n\n\n\n<p> Qu\u00e9 mejor que hoy 23 de abril, d\u00eda del Libro, para dar a conocer su propuesta. Adem\u00e1s de la dulzura de su voz&#8230; <\/p>\n\n\n\n<figure class=\"wp-block-embed-youtube wp-block-embed is-type-video is-provider-youtube wp-embed-aspect-16-9 wp-has-aspect-ratio\"><div class=\"wp-block-embed__wrapper\">\n<iframe loading=\"lazy\" title=\"Cuenta Cuentos\" width=\"500\" height=\"281\" src=\"https:\/\/www.youtube.com\/embed\/videoseries?list=PL6fOTi-9l_fTbqAe7MH6m7REdQqCoB1Zb\" frameborder=\"0\" allow=\"accelerometer; autoplay; encrypted-media; gyroscope; picture-in-picture\" allowfullscreen><\/iframe>\n<\/div><\/figure>\n\n\n\n<p>Pasen y lean: <\/p>\n\n\n\n<div class=\"wp-container-1 wp-block-group\"><div class=\"wp-block-group__inner-container\">\n<pre class=\"wp-block-verse\"><em>Leer es vivir muchas vidas,\nes sentir muchas emociones,&nbsp;\nes descubrir cosas nuevas\nY crear impresiones.\n\n\nEs imaginarte cada persona, objeto y ciudad,&nbsp;\nes so\u00f1ar con un mundo nuevo&nbsp;\ndonde poder disfrutar.\n\n\nEs volar a donde t\u00fa quieras,&nbsp;\nes viajar desde el sof\u00e1,&nbsp;\nes crecer como el \u00e1rbol\nque se estira hacia el m\u00e1s all\u00e1,\n\n\nEs aprender de cada palabra escrita,\nEs dejarse llevar,\nCoge un libro, lee\ny entonces comprender\u00e1s.&nbsp;<img alt=\"\ud83d\ude0a\" src=\"https:\/\/mail.google.com\/mail\/e\/1f60a\"><img alt=\"\ud83d\udcda\" src=\"https:\/\/mail.google.com\/mail\/e\/1f4da\"><\/em>\n\n\n<strong><em>Andrea Irisarri Lasarte<\/em><\/strong><\/pre>\n<\/div><\/div>\n\n\n\n<p><\/p>\n","protected":false},"excerpt":{"rendered":"<p>Nuestra creativa y entregada compa\u00f1era Andrea Irisarri Lasarte ha tenido la bonita idea de amenizarnos cada d\u00eda de esta semana con un v\u00eddeo-cuento. Qu\u00e9 mejor que hoy 23 de abril, d\u00eda del Libro, para dar a conocer su propuesta. Adem\u00e1s de la dulzura de su voz&#8230; Pasen y lean: Leer es vivir muchas vidas, es [&hellip;]<\/p>\n","protected":false},"author":1,"featured_media":0,"comment_status":"open","ping_status":"open","sticky":false,"template":"","format":"standard","meta":{"_genesis_hide_title":false,"_genesis_hide_breadcrumbs":false,"_genesis_hide_singular_image":false,"_genesis_hide_footer_widgets":false,"_genesis_custom_body_class":"","_genesis_custom_post_class":"","_genesis_layout":""},"categories":[17,14,16,18,13],"tags":[131,133,132,35,134],"_links":{"self":[{"href":"https:\/\/cplumbier.educacion.navarra.es\/web\/wp-json\/wp\/v2\/posts\/1289"}],"collection":[{"href":"https:\/\/cplumbier.educacion.navarra.es\/web\/wp-json\/wp\/v2\/posts"}],"about":[{"href":"https:\/\/cplumbier.educacion.navarra.es\/web\/wp-json\/wp\/v2\/types\/post"}],"author":[{"embeddable":true,"href":"https:\/\/cplumbier.educacion.navarra.es\/web\/wp-json\/wp\/v2\/users\/1"}],"replies":[{"embeddable":true,"href":"https:\/\/cplumbier.educacion.navarra.es\/web\/wp-json\/wp\/v2\/comments?post=1289"}],"version-history":[{"count":2,"href":"https:\/\/cplumbier.educacion.navarra.es\/web\/wp-json\/wp\/v2\/posts\/1289\/revisions"}],"predecessor-version":[{"id":1292,"href":"https:\/\/cplumbier.educacion.navarra.es\/web\/wp-json\/wp\/v2\/posts\/1289\/revisions\/1292"}],"wp:attachment":[{"href":"https:\/\/cplumbier.educacion.navarra.es\/web\/wp-json\/wp\/v2\/media?parent=1289"}],"wp:term":[{"taxonomy":"category","embeddable":true,"href":"https:\/\/cplumbier.educacion.navarra.es\/web\/wp-json\/wp\/v2\/categories?post=1289"},{"taxonomy":"post_tag","embeddable":true,"href":"https:\/\/cplumbier.educacion.navarra.es\/web\/wp-json\/wp\/v2\/tags?post=1289"}],"curies":[{"name":"wp","href":"https:\/\/api.w.org\/{rel}","templated":true}]}}