{"id":1310,"date":"2020-06-29T12:17:22","date_gmt":"2020-06-29T10:17:22","guid":{"rendered":"https:\/\/cplumbier.educacion.navarra.es\/web\/?p=1310"},"modified":"2020-06-29T12:17:23","modified_gmt":"2020-06-29T10:17:23","slug":"despedida-alumnado-de-6o-curso","status":"publish","type":"post","link":"https:\/\/cplumbier.educacion.navarra.es\/web\/blog\/2020\/06\/29\/despedida-alumnado-de-6o-curso\/","title":{"rendered":"DESPEDIDA ALUMNADO DE 6\u00ba CURSO"},"content":{"rendered":"\n<p>El pasado 26 de junio despedimos al alumnado de 6\u00ba curso del cole. Fue una despedida at\u00edpica pero cargada de cari\u00f1o y deseos de buena suerte para Mar\u00eda, Jon Ander, Mikel, Alazne, Xabi, Alba, \u00c1frica, Leyre G., Santi, Jon y Leyre U. Desde el centro os deseamos lo mejor en esta nueva etapa que comienza. Pod\u00e9is ver las fotos <a href=\"https:\/\/drive.google.com\/drive\/folders\/1diWZLW1OBFSEGUde9UQygTPgcnNDU1S-?usp=sharing\" target=\"_blank\" rel=\"noreferrer noopener\">aqu\u00ed<\/a>. <\/p>\n\n\n\n<figure class=\"wp-block-image size-large\"><img loading=\"lazy\" width=\"1024\" height=\"507\" src=\"https:\/\/cplumbier.educacion.navarra.es\/web\/wp-content\/uploads\/2020\/06\/20200626_122644-2-1024x507.jpg\" alt=\"\" class=\"wp-image-1311\" srcset=\"https:\/\/cplumbier.educacion.navarra.es\/web\/wp-content\/uploads\/2020\/06\/20200626_122644-2-1024x507.jpg 1024w, https:\/\/cplumbier.educacion.navarra.es\/web\/wp-content\/uploads\/2020\/06\/20200626_122644-2-300x149.jpg 300w, https:\/\/cplumbier.educacion.navarra.es\/web\/wp-content\/uploads\/2020\/06\/20200626_122644-2-768x380.jpg 768w, https:\/\/cplumbier.educacion.navarra.es\/web\/wp-content\/uploads\/2020\/06\/20200626_122644-2-1536x760.jpg 1536w, https:\/\/cplumbier.educacion.navarra.es\/web\/wp-content\/uploads\/2020\/06\/20200626_122644-2-2048x1014.jpg 2048w\" sizes=\"(max-width: 1024px) 100vw, 1024px\" \/><\/figure>\n\n\n\n<p>No os olvid\u00e9is que \u00aba los compa\u00f1eros y compa\u00f1eras hay que cuidarles\u00bb como dice Endika y que \u00abos llev\u00e1is la mochila cargada de recursos para afrontar esta nueva etapa\u00bb, en palabras de Txaro. Seguid sus consejos y&#8230;<\/p>\n\n\n\n<p class=\"has-text-align-center\"><strong>\u00ab\u00a1Buena suerte! &#8211; Ondo izan! &#8211; Good luck!<\/strong><\/p>\n","protected":false},"excerpt":{"rendered":"<p>El pasado 26 de junio despedimos al alumnado de 6\u00ba curso del cole. Fue una despedida at\u00edpica pero cargada de cari\u00f1o y deseos de buena suerte para Mar\u00eda, Jon Ander, Mikel, Alazne, Xabi, Alba, \u00c1frica, Leyre G., Santi, Jon y Leyre U. Desde el centro os deseamos lo mejor en esta nueva etapa que comienza. [&hellip;]<\/p>\n","protected":false},"author":1,"featured_media":1314,"comment_status":"open","ping_status":"open","sticky":false,"template":"","format":"standard","meta":{"_genesis_hide_title":false,"_genesis_hide_breadcrumbs":false,"_genesis_hide_singular_image":false,"_genesis_hide_footer_widgets":false,"_genesis_custom_body_class":"","_genesis_custom_post_class":"","_genesis_layout":""},"categories":[18,13],"tags":[140,110],"_links":{"self":[{"href":"https:\/\/cplumbier.educacion.navarra.es\/web\/wp-json\/wp\/v2\/posts\/1310"}],"collection":[{"href":"https:\/\/cplumbier.educacion.navarra.es\/web\/wp-json\/wp\/v2\/posts"}],"about":[{"href":"https:\/\/cplumbier.educacion.navarra.es\/web\/wp-json\/wp\/v2\/types\/post"}],"author":[{"embeddable":true,"href":"https:\/\/cplumbier.educacion.navarra.es\/web\/wp-json\/wp\/v2\/users\/1"}],"replies":[{"embeddable":true,"href":"https:\/\/cplumbier.educacion.navarra.es\/web\/wp-json\/wp\/v2\/comments?post=1310"}],"version-history":[{"count":2,"href":"https:\/\/cplumbier.educacion.navarra.es\/web\/wp-json\/wp\/v2\/posts\/1310\/revisions"}],"predecessor-version":[{"id":1313,"href":"https:\/\/cplumbier.educacion.navarra.es\/web\/wp-json\/wp\/v2\/posts\/1310\/revisions\/1313"}],"wp:featuredmedia":[{"embeddable":true,"href":"https:\/\/cplumbier.educacion.navarra.es\/web\/wp-json\/wp\/v2\/media\/1314"}],"wp:attachment":[{"href":"https:\/\/cplumbier.educacion.navarra.es\/web\/wp-json\/wp\/v2\/media?parent=1310"}],"wp:term":[{"taxonomy":"category","embeddable":true,"href":"https:\/\/cplumbier.educacion.navarra.es\/web\/wp-json\/wp\/v2\/categories?post=1310"},{"taxonomy":"post_tag","embeddable":true,"href":"https:\/\/cplumbier.educacion.navarra.es\/web\/wp-json\/wp\/v2\/tags?post=1310"}],"curies":[{"name":"wp","href":"https:\/\/api.w.org\/{rel}","templated":true}]}}