{"id":1459,"date":"2021-03-31T11:01:55","date_gmt":"2021-03-31T09:01:55","guid":{"rendered":"https:\/\/cplumbier.educacion.navarra.es\/web\/?p=1459"},"modified":"2021-03-31T11:01:56","modified_gmt":"2021-03-31T09:01:56","slug":"dia-internacional-de-las-mujeres","status":"publish","type":"post","link":"https:\/\/cplumbier.educacion.navarra.es\/web\/blog\/2021\/03\/31\/dia-internacional-de-las-mujeres\/","title":{"rendered":"DIA INTERNACIONAL DE LAS MUJERES"},"content":{"rendered":"\n<p>En el colegio p\u00fablico San Juan de Lumbier no nos conformamos solo con celebrar el d\u00eda de las mujeres (8 MARZO). Dedicamos una semana entera a ellas. Tuvieron cabida MUJERES deportistas, pol\u00edticas, escritoras, cient\u00edficas,  y, por supuesto las m\u00e1s importantes de nuestras vidas, NUESTRAS MADRES. <\/p>\n\n\n\n<p>Nuestros trabajos estuvieron expuestos para las familias y para el resto del pueblo mediante c\u00f3digos QR. Fue, sin duda, un trabajo realizado con mucho respeto y con mucho cari\u00f1o. <a href=\"https:\/\/drive.google.com\/drive\/folders\/1Luo3FVuCYcRMKEbTDhLmm3xO_uIxO2cg?usp=sharing\" data-type=\"URL\" data-id=\"https:\/\/drive.google.com\/drive\/folders\/1Luo3FVuCYcRMKEbTDhLmm3xO_uIxO2cg?usp=sharing\" target=\"_blank\" rel=\"noreferrer noopener\">Pinchando aqu\u00ed, <\/a>una muestra de nuestro trabajo y homenaje. <\/p>\n\n\n\n<figure class=\"wp-block-image size-large is-style-default\"><img loading=\"lazy\" width=\"1024\" height=\"498\" src=\"https:\/\/cplumbier.educacion.navarra.es\/web\/wp-content\/uploads\/2021\/03\/20210312_141730-1024x498.jpg\" alt=\"\" class=\"wp-image-1461\" srcset=\"https:\/\/cplumbier.educacion.navarra.es\/web\/wp-content\/uploads\/2021\/03\/20210312_141730-1024x498.jpg 1024w, https:\/\/cplumbier.educacion.navarra.es\/web\/wp-content\/uploads\/2021\/03\/20210312_141730-300x146.jpg 300w, https:\/\/cplumbier.educacion.navarra.es\/web\/wp-content\/uploads\/2021\/03\/20210312_141730-768x373.jpg 768w, https:\/\/cplumbier.educacion.navarra.es\/web\/wp-content\/uploads\/2021\/03\/20210312_141730-1536x747.jpg 1536w, https:\/\/cplumbier.educacion.navarra.es\/web\/wp-content\/uploads\/2021\/03\/20210312_141730.jpg 2016w\" sizes=\"(max-width: 1024px) 100vw, 1024px\" \/><\/figure>\n\n\n\n<p class=\"has-text-align-center has-text-color\" style=\"color:#6110c5\"><strong>D\u00cdA DE LA MUJER<\/strong><\/p>\n\n\n\n<p class=\"has-text-align-center has-text-color\" style=\"color:#7600a3\"><strong> WOMEN&#8217;S DAY<\/strong><\/p>\n\n\n\n<p class=\"has-text-align-center has-text-color\" style=\"color:#9d38e9\"><strong>EMAKUMEEN EGUNA<\/strong><\/p>\n\n\n\n<p><\/p>\n","protected":false},"excerpt":{"rendered":"<p>En el colegio p\u00fablico San Juan de Lumbier no nos conformamos solo con celebrar el d\u00eda de las mujeres (8 MARZO). Dedicamos una semana entera a ellas. Tuvieron cabida MUJERES deportistas, pol\u00edticas, escritoras, cient\u00edficas, y, por supuesto las m\u00e1s importantes de nuestras vidas, NUESTRAS MADRES. Nuestros trabajos estuvieron expuestos para las familias y para el [&hellip;]<\/p>\n","protected":false},"author":1,"featured_media":0,"comment_status":"open","ping_status":"open","sticky":false,"template":"","format":"standard","meta":{"_genesis_hide_title":false,"_genesis_hide_breadcrumbs":false,"_genesis_hide_singular_image":false,"_genesis_hide_footer_widgets":false,"_genesis_custom_body_class":"","_genesis_custom_post_class":"","_genesis_layout":""},"categories":[17,14,16,18,13],"tags":[159,155,156,158,157],"_links":{"self":[{"href":"https:\/\/cplumbier.educacion.navarra.es\/web\/wp-json\/wp\/v2\/posts\/1459"}],"collection":[{"href":"https:\/\/cplumbier.educacion.navarra.es\/web\/wp-json\/wp\/v2\/posts"}],"about":[{"href":"https:\/\/cplumbier.educacion.navarra.es\/web\/wp-json\/wp\/v2\/types\/post"}],"author":[{"embeddable":true,"href":"https:\/\/cplumbier.educacion.navarra.es\/web\/wp-json\/wp\/v2\/users\/1"}],"replies":[{"embeddable":true,"href":"https:\/\/cplumbier.educacion.navarra.es\/web\/wp-json\/wp\/v2\/comments?post=1459"}],"version-history":[{"count":3,"href":"https:\/\/cplumbier.educacion.navarra.es\/web\/wp-json\/wp\/v2\/posts\/1459\/revisions"}],"predecessor-version":[{"id":1463,"href":"https:\/\/cplumbier.educacion.navarra.es\/web\/wp-json\/wp\/v2\/posts\/1459\/revisions\/1463"}],"wp:attachment":[{"href":"https:\/\/cplumbier.educacion.navarra.es\/web\/wp-json\/wp\/v2\/media?parent=1459"}],"wp:term":[{"taxonomy":"category","embeddable":true,"href":"https:\/\/cplumbier.educacion.navarra.es\/web\/wp-json\/wp\/v2\/categories?post=1459"},{"taxonomy":"post_tag","embeddable":true,"href":"https:\/\/cplumbier.educacion.navarra.es\/web\/wp-json\/wp\/v2\/tags?post=1459"}],"curies":[{"name":"wp","href":"https:\/\/api.w.org\/{rel}","templated":true}]}}