{"id":1628,"date":"2022-03-21T15:06:58","date_gmt":"2022-03-21T14:06:58","guid":{"rendered":"https:\/\/cplumbier.educacion.navarra.es\/web\/?p=1628"},"modified":"2022-03-21T15:06:59","modified_gmt":"2022-03-21T14:06:59","slug":"dia-internacional-de-las-mujeres-2","status":"publish","type":"post","link":"https:\/\/cplumbier.educacion.navarra.es\/web\/blog\/2022\/03\/21\/dia-internacional-de-las-mujeres-2\/","title":{"rendered":"D\u00cdA INTERNACIONAL DE LAS MUJERES"},"content":{"rendered":"\n<div class=\"wp-block-image\"><figure class=\"aligncenter size-large is-resized\"><img loading=\"lazy\" src=\"https:\/\/cplumbier.educacion.navarra.es\/web\/wp-content\/uploads\/2022\/03\/WhatsApp-Image-2022-03-09-at-8.32.46-PM-1-1024x768.jpeg\" alt=\"\" class=\"wp-image-1641\" width=\"664\" height=\"498\" srcset=\"https:\/\/cplumbier.educacion.navarra.es\/web\/wp-content\/uploads\/2022\/03\/WhatsApp-Image-2022-03-09-at-8.32.46-PM-1-1024x768.jpeg 1024w, https:\/\/cplumbier.educacion.navarra.es\/web\/wp-content\/uploads\/2022\/03\/WhatsApp-Image-2022-03-09-at-8.32.46-PM-1-300x225.jpeg 300w, https:\/\/cplumbier.educacion.navarra.es\/web\/wp-content\/uploads\/2022\/03\/WhatsApp-Image-2022-03-09-at-8.32.46-PM-1-768x576.jpeg 768w, https:\/\/cplumbier.educacion.navarra.es\/web\/wp-content\/uploads\/2022\/03\/WhatsApp-Image-2022-03-09-at-8.32.46-PM-1-1536x1152.jpeg 1536w, https:\/\/cplumbier.educacion.navarra.es\/web\/wp-content\/uploads\/2022\/03\/WhatsApp-Image-2022-03-09-at-8.32.46-PM-1.jpeg 2048w\" sizes=\"(max-width: 664px) 100vw, 664px\" \/><\/figure><\/div>\n\n\n\n<p>El pasado 8 de marzo celebramos  el <mark style=\"background-color:rgba(0, 0, 0, 0);color:#bc0ef0\" class=\"has-inline-color\"><strong>d\u00eda internacional de la mujer<\/strong>.<\/mark> Esta vez quisimos dar <strong>protagonismo<\/strong>&nbsp;y mostrar nuestro&nbsp;<strong>agradecimiento<\/strong>&nbsp;a&nbsp;<strong>las abuelas<\/strong>.<\/p>\n\n\n\n<p>El alumnado del centro prepar\u00f3 distintos murales con las fotograf\u00eda de sus abuelas para homenajearlas.<\/p>\n\n\n\n<p>Y recibimos la visita de abuelas de alumnos y alumnas de cada curso, donde compartieron con nosotros y nosotras an\u00e9cdotas e historias.<\/p>\n\n\n\n<p class=\"has-text-align-center\"><strong>Infantil, 1\u00ba y 2\u00ba de primaria:<\/strong> visita de Amalia, abuela de Naroa.<\/p>\n\n\n\n<p class=\"has-text-align-center\"><strong>3\u00ba y 4\u00ba de primaria: <\/strong>visita de Juana Mari, abuela de Leire.<\/p>\n\n\n\n<p class=\"has-text-align-center\"><strong>5\u00ba y 6\u00ba de primaria: <\/strong>visita de Rosa Mari, abuela de Diego y \u00c1lvaro.<\/p>\n\n\n\n<p class=\"has-text-align-center\">Pasamos un d\u00eda excelente en compa\u00f1\u00eda de estas maravillosas mujeres. Gracias por vuestra participaci\u00f3n.<\/p>\n\n\n\n<p class=\"has-text-align-center\"><strong><mark style=\"background-color:rgba(0, 0, 0, 0);color:#ac13e1\" class=\"has-inline-color\">D\u00cdA DE LA MUJER<\/mark><\/strong><\/p>\n\n\n\n<p class=\"has-text-align-center\"><strong><mark style=\"background-color:rgba(0, 0, 0, 0);color:#a207e4\" class=\"has-inline-color\">WOMEN\u2019S DAY<\/mark><\/strong><\/p>\n\n\n\n<p class=\"has-text-align-center\"><strong><mark style=\"background-color:rgba(0, 0, 0, 0);color:#9504e7\" class=\"has-inline-color\">EMAKUMEEN EGUNA<\/mark><\/strong><\/p>\n\n\n\n<p class=\"has-text-align-center\">Pod\u00e9is ver m\u00e1s fotos pinchando <a href=\"https:\/\/drive.google.com\/drive\/folders\/1Qiv-3YxY6MJYauRbt7OWsqkWZ0s-cf28?usp=sharing\">aqu\u00ed<\/a>.<\/p>\n","protected":false},"excerpt":{"rendered":"<p>El pasado 8 de marzo celebramos el d\u00eda internacional de la mujer. Esta vez quisimos dar protagonismo&nbsp;y mostrar nuestro&nbsp;agradecimiento&nbsp;a&nbsp;las abuelas. El alumnado del centro prepar\u00f3 distintos murales con las fotograf\u00eda de sus abuelas para homenajearlas. Y recibimos la visita de abuelas de alumnos y alumnas de cada curso, donde compartieron con nosotros y nosotras an\u00e9cdotas [&hellip;]<\/p>\n","protected":false},"author":1,"featured_media":0,"comment_status":"open","ping_status":"open","sticky":false,"template":"","format":"standard","meta":{"_genesis_hide_title":false,"_genesis_hide_breadcrumbs":false,"_genesis_hide_singular_image":false,"_genesis_hide_footer_widgets":false,"_genesis_custom_body_class":"","_genesis_custom_post_class":"","_genesis_layout":""},"categories":[17,14,16,18,13],"tags":[212,211,210],"_links":{"self":[{"href":"https:\/\/cplumbier.educacion.navarra.es\/web\/wp-json\/wp\/v2\/posts\/1628"}],"collection":[{"href":"https:\/\/cplumbier.educacion.navarra.es\/web\/wp-json\/wp\/v2\/posts"}],"about":[{"href":"https:\/\/cplumbier.educacion.navarra.es\/web\/wp-json\/wp\/v2\/types\/post"}],"author":[{"embeddable":true,"href":"https:\/\/cplumbier.educacion.navarra.es\/web\/wp-json\/wp\/v2\/users\/1"}],"replies":[{"embeddable":true,"href":"https:\/\/cplumbier.educacion.navarra.es\/web\/wp-json\/wp\/v2\/comments?post=1628"}],"version-history":[{"count":10,"href":"https:\/\/cplumbier.educacion.navarra.es\/web\/wp-json\/wp\/v2\/posts\/1628\/revisions"}],"predecessor-version":[{"id":1649,"href":"https:\/\/cplumbier.educacion.navarra.es\/web\/wp-json\/wp\/v2\/posts\/1628\/revisions\/1649"}],"wp:attachment":[{"href":"https:\/\/cplumbier.educacion.navarra.es\/web\/wp-json\/wp\/v2\/media?parent=1628"}],"wp:term":[{"taxonomy":"category","embeddable":true,"href":"https:\/\/cplumbier.educacion.navarra.es\/web\/wp-json\/wp\/v2\/categories?post=1628"},{"taxonomy":"post_tag","embeddable":true,"href":"https:\/\/cplumbier.educacion.navarra.es\/web\/wp-json\/wp\/v2\/tags?post=1628"}],"curies":[{"name":"wp","href":"https:\/\/api.w.org\/{rel}","templated":true}]}}