{"id":1769,"date":"2022-10-04T11:52:25","date_gmt":"2022-10-04T09:52:25","guid":{"rendered":"https:\/\/cplumbier.educacion.navarra.es\/web\/?p=1769"},"modified":"2022-10-04T11:52:26","modified_gmt":"2022-10-04T09:52:26","slug":"tiempo-de-acogida","status":"publish","type":"post","link":"https:\/\/cplumbier.educacion.navarra.es\/web\/blog\/2022\/10\/04\/tiempo-de-acogida\/","title":{"rendered":"TIEMPO DE ACOGIDA"},"content":{"rendered":"\n<p>El tiempo de acogida o per\u00edodo de adaptaci\u00f3n del alumnado dura hasta que el alumno\/a se vincula al nuevo espacio que es la escuela y a las personas que se encuentran en dicho espacio. Facilitar este proceso ha sido labor tambi\u00e9n de los nuevos compa\u00f1eros y compa\u00f1eras que se han encontrado en el aula de Infantil.<\/p>\n\n\n\n<p> Los primeros d\u00edas son de cambio, de incertidumbre&#8230; Pero tambi\u00e9n hay momentos compartidos de juego, de sonrisas, de carreras, de observaci\u00f3n, de descubrimiento&#8230; <strong>\u00a1Bienvenidos y bienvenidas a este nuevo curso escolar!<\/strong> <a href=\"https:\/\/drive.google.com\/drive\/folders\/1J_99OEJpgwhZfjPcteDGr_CJkJV6PKi2?usp=sharing\" target=\"_blank\" rel=\"noreferrer noopener\">Os mostramos un trocito de lo vivido durante este primer mes&#8230;<\/a><\/p>\n\n\n\n<figure class=\"wp-block-gallery has-nested-images columns-default is-cropped\">\n<figure class=\"wp-block-image size-large\"><img loading=\"lazy\" width=\"1024\" height=\"498\" data-id=\"1772\"  src=\"https:\/\/cplumbier.educacion.navarra.es\/web\/wp-content\/uploads\/2022\/10\/20220926_132206-1024x498.jpg\" alt=\"\" class=\"wp-image-1772\" srcset=\"https:\/\/cplumbier.educacion.navarra.es\/web\/wp-content\/uploads\/2022\/10\/20220926_132206-1024x498.jpg 1024w, https:\/\/cplumbier.educacion.navarra.es\/web\/wp-content\/uploads\/2022\/10\/20220926_132206-300x146.jpg 300w, https:\/\/cplumbier.educacion.navarra.es\/web\/wp-content\/uploads\/2022\/10\/20220926_132206-768x373.jpg 768w, https:\/\/cplumbier.educacion.navarra.es\/web\/wp-content\/uploads\/2022\/10\/20220926_132206-1536x747.jpg 1536w, https:\/\/cplumbier.educacion.navarra.es\/web\/wp-content\/uploads\/2022\/10\/20220926_132206.jpg 2016w\" sizes=\"(max-width: 1024px) 100vw, 1024px\" \/><\/figure>\n\n\n\n<figure class=\"wp-block-image size-large\"><img loading=\"lazy\" width=\"1024\" height=\"498\" data-id=\"1777\"  src=\"https:\/\/cplumbier.educacion.navarra.es\/web\/wp-content\/uploads\/2022\/10\/20220909_122156-1024x498.jpg\" alt=\"\" class=\"wp-image-1777\" srcset=\"https:\/\/cplumbier.educacion.navarra.es\/web\/wp-content\/uploads\/2022\/10\/20220909_122156-1024x498.jpg 1024w, https:\/\/cplumbier.educacion.navarra.es\/web\/wp-content\/uploads\/2022\/10\/20220909_122156-300x146.jpg 300w, https:\/\/cplumbier.educacion.navarra.es\/web\/wp-content\/uploads\/2022\/10\/20220909_122156-768x373.jpg 768w, https:\/\/cplumbier.educacion.navarra.es\/web\/wp-content\/uploads\/2022\/10\/20220909_122156-1536x747.jpg 1536w, https:\/\/cplumbier.educacion.navarra.es\/web\/wp-content\/uploads\/2022\/10\/20220909_122156.jpg 2016w\" sizes=\"(max-width: 1024px) 100vw, 1024px\" \/><\/figure>\n\n\n\n<figure class=\"wp-block-image size-large\"><img loading=\"lazy\" width=\"1024\" height=\"498\" data-id=\"1773\"  src=\"https:\/\/cplumbier.educacion.navarra.es\/web\/wp-content\/uploads\/2022\/10\/20220912_111024-1024x498.jpg\" alt=\"\" class=\"wp-image-1773\" srcset=\"https:\/\/cplumbier.educacion.navarra.es\/web\/wp-content\/uploads\/2022\/10\/20220912_111024-1024x498.jpg 1024w, https:\/\/cplumbier.educacion.navarra.es\/web\/wp-content\/uploads\/2022\/10\/20220912_111024-300x146.jpg 300w, https:\/\/cplumbier.educacion.navarra.es\/web\/wp-content\/uploads\/2022\/10\/20220912_111024-768x373.jpg 768w, https:\/\/cplumbier.educacion.navarra.es\/web\/wp-content\/uploads\/2022\/10\/20220912_111024-1536x747.jpg 1536w, https:\/\/cplumbier.educacion.navarra.es\/web\/wp-content\/uploads\/2022\/10\/20220912_111024.jpg 2016w\" sizes=\"(max-width: 1024px) 100vw, 1024px\" \/><\/figure>\n\n\n\n<figure class=\"wp-block-image size-large\"><img loading=\"lazy\" width=\"1024\" height=\"498\" data-id=\"1770\"  src=\"https:\/\/cplumbier.educacion.navarra.es\/web\/wp-content\/uploads\/2022\/10\/20220909_114506-1024x498.jpg\" alt=\"\" class=\"wp-image-1770\" srcset=\"https:\/\/cplumbier.educacion.navarra.es\/web\/wp-content\/uploads\/2022\/10\/20220909_114506-1024x498.jpg 1024w, https:\/\/cplumbier.educacion.navarra.es\/web\/wp-content\/uploads\/2022\/10\/20220909_114506-300x146.jpg 300w, https:\/\/cplumbier.educacion.navarra.es\/web\/wp-content\/uploads\/2022\/10\/20220909_114506-768x373.jpg 768w, https:\/\/cplumbier.educacion.navarra.es\/web\/wp-content\/uploads\/2022\/10\/20220909_114506-1536x747.jpg 1536w, https:\/\/cplumbier.educacion.navarra.es\/web\/wp-content\/uploads\/2022\/10\/20220909_114506.jpg 2016w\" sizes=\"(max-width: 1024px) 100vw, 1024px\" \/><\/figure>\n\n\n\n<figure class=\"wp-block-image size-large\"><img loading=\"lazy\" width=\"1024\" height=\"498\" data-id=\"1771\"  src=\"https:\/\/cplumbier.educacion.navarra.es\/web\/wp-content\/uploads\/2022\/10\/20220914_113408-1024x498.jpg\" alt=\"\" class=\"wp-image-1771\" srcset=\"https:\/\/cplumbier.educacion.navarra.es\/web\/wp-content\/uploads\/2022\/10\/20220914_113408-1024x498.jpg 1024w, https:\/\/cplumbier.educacion.navarra.es\/web\/wp-content\/uploads\/2022\/10\/20220914_113408-300x146.jpg 300w, https:\/\/cplumbier.educacion.navarra.es\/web\/wp-content\/uploads\/2022\/10\/20220914_113408-768x373.jpg 768w, https:\/\/cplumbier.educacion.navarra.es\/web\/wp-content\/uploads\/2022\/10\/20220914_113408-1536x747.jpg 1536w, https:\/\/cplumbier.educacion.navarra.es\/web\/wp-content\/uploads\/2022\/10\/20220914_113408.jpg 2016w\" sizes=\"(max-width: 1024px) 100vw, 1024px\" \/><\/figure>\n<\/figure>\n","protected":false},"excerpt":{"rendered":"<p>El tiempo de acogida o per\u00edodo de adaptaci\u00f3n del alumnado dura hasta que el alumno\/a se vincula al nuevo espacio que es la escuela y a las personas que se encuentran en dicho espacio. Facilitar este proceso ha sido labor tambi\u00e9n de los nuevos compa\u00f1eros y compa\u00f1eras que se han encontrado en el aula de [&hellip;]<\/p>\n","protected":false},"author":1,"featured_media":1779,"comment_status":"open","ping_status":"open","sticky":false,"template":"","format":"standard","meta":{"_genesis_hide_title":false,"_genesis_hide_breadcrumbs":false,"_genesis_hide_singular_image":false,"_genesis_hide_footer_widgets":false,"_genesis_custom_body_class":"","_genesis_custom_post_class":"","_genesis_layout":""},"categories":[14,16],"tags":[248,247,249,250],"_links":{"self":[{"href":"https:\/\/cplumbier.educacion.navarra.es\/web\/wp-json\/wp\/v2\/posts\/1769"}],"collection":[{"href":"https:\/\/cplumbier.educacion.navarra.es\/web\/wp-json\/wp\/v2\/posts"}],"about":[{"href":"https:\/\/cplumbier.educacion.navarra.es\/web\/wp-json\/wp\/v2\/types\/post"}],"author":[{"embeddable":true,"href":"https:\/\/cplumbier.educacion.navarra.es\/web\/wp-json\/wp\/v2\/users\/1"}],"replies":[{"embeddable":true,"href":"https:\/\/cplumbier.educacion.navarra.es\/web\/wp-json\/wp\/v2\/comments?post=1769"}],"version-history":[{"count":2,"href":"https:\/\/cplumbier.educacion.navarra.es\/web\/wp-json\/wp\/v2\/posts\/1769\/revisions"}],"predecessor-version":[{"id":1778,"href":"https:\/\/cplumbier.educacion.navarra.es\/web\/wp-json\/wp\/v2\/posts\/1769\/revisions\/1778"}],"wp:featuredmedia":[{"embeddable":true,"href":"https:\/\/cplumbier.educacion.navarra.es\/web\/wp-json\/wp\/v2\/media\/1779"}],"wp:attachment":[{"href":"https:\/\/cplumbier.educacion.navarra.es\/web\/wp-json\/wp\/v2\/media?parent=1769"}],"wp:term":[{"taxonomy":"category","embeddable":true,"href":"https:\/\/cplumbier.educacion.navarra.es\/web\/wp-json\/wp\/v2\/categories?post=1769"},{"taxonomy":"post_tag","embeddable":true,"href":"https:\/\/cplumbier.educacion.navarra.es\/web\/wp-json\/wp\/v2\/tags?post=1769"}],"curies":[{"name":"wp","href":"https:\/\/api.w.org\/{rel}","templated":true}]}}