{"id":1799,"date":"2023-01-18T09:54:41","date_gmt":"2023-01-18T08:54:41","guid":{"rendered":"https:\/\/cplumbier.educacion.navarra.es\/web\/?p=1799"},"modified":"2023-01-18T10:01:56","modified_gmt":"2023-01-18T09:01:56","slug":"festival-de-navidad-2022","status":"publish","type":"post","link":"https:\/\/cplumbier.educacion.navarra.es\/web\/blog\/2023\/01\/18\/festival-de-navidad-2022\/","title":{"rendered":"FESTIVAL DE NAVIDAD 2022"},"content":{"rendered":"\n<p>El pasado 21 de diciembre celebramos el festival de Navidad en el centro c\u00edvico de Lumbier. <\/p>\n\n\n\n<p>Cada grupo prepar\u00f3 su canci\u00f3n y la defendi\u00f3 en el escenario CON GANAS E ILUSI\u00d3N. \u00a1\u00a1Las actuaciones fueron M\u00c1GICAS!!<\/p>\n\n\n\n<p>Durante el transcurso del festival contamos adem\u00e1s con la visita de OLENTZERO Y MARI DOMINGI y&#8230; \u00a1NOS TRAJERON REGALOS!<\/p>\n\n\n\n<p>Al finalizar el festival la APYMA IRATI nos deleit\u00f3 con un exquisito almuerzo en el patio del colegio, desde donde despedimos el a\u00f1o y el trimestre. <\/p>\n\n\n\n<p>\u00a1GRACIAS! THANK YOU! ESKERRIK ASKO!<\/p>\n\n\n\n<p>Haz click en la foto para acceder a la galer\u00eda de fotos y v\u00eddeos del festival. <\/p>\n\n\n\n<figure class=\"wp-block-image size-large is-style-default\"><a href=\"https:\/\/drive.google.com\/drive\/folders\/1AbV5zljXVGQBPUfAIuMPWLSc5aIh7x8P?usp=share_link\" target=\"_blank\" rel=\"noopener\"><img loading=\"lazy\" width=\"1024\" height=\"498\" src=\"https:\/\/cplumbier.educacion.navarra.es\/web\/wp-content\/uploads\/2023\/01\/20221222_104128-1024x498.jpg\" alt=\"\" class=\"wp-image-1800\" srcset=\"https:\/\/cplumbier.educacion.navarra.es\/web\/wp-content\/uploads\/2023\/01\/20221222_104128-1024x498.jpg 1024w, https:\/\/cplumbier.educacion.navarra.es\/web\/wp-content\/uploads\/2023\/01\/20221222_104128-300x146.jpg 300w, https:\/\/cplumbier.educacion.navarra.es\/web\/wp-content\/uploads\/2023\/01\/20221222_104128-768x373.jpg 768w, https:\/\/cplumbier.educacion.navarra.es\/web\/wp-content\/uploads\/2023\/01\/20221222_104128-1536x747.jpg 1536w, https:\/\/cplumbier.educacion.navarra.es\/web\/wp-content\/uploads\/2023\/01\/20221222_104128.jpg 2016w\" sizes=\"(max-width: 1024px) 100vw, 1024px\" \/><\/a><\/figure>\n","protected":false},"excerpt":{"rendered":"<p>El pasado 21 de diciembre celebramos el festival de Navidad en el centro c\u00edvico de Lumbier. Cada grupo prepar\u00f3 su canci\u00f3n y la defendi\u00f3 en el escenario CON GANAS E ILUSI\u00d3N. \u00a1\u00a1Las actuaciones fueron M\u00c1GICAS!! Durante el transcurso del festival contamos adem\u00e1s con la visita de OLENTZERO Y MARI DOMINGI y&#8230; \u00a1NOS TRAJERON REGALOS! Al [&hellip;]<\/p>\n","protected":false},"author":1,"featured_media":0,"comment_status":"open","ping_status":"open","sticky":true,"template":"","format":"standard","meta":{"_genesis_hide_title":false,"_genesis_hide_breadcrumbs":false,"_genesis_hide_singular_image":false,"_genesis_hide_footer_widgets":false,"_genesis_custom_body_class":"","_genesis_custom_post_class":"","_genesis_layout":""},"categories":[17,14,16,18,13],"tags":[258,120],"_links":{"self":[{"href":"https:\/\/cplumbier.educacion.navarra.es\/web\/wp-json\/wp\/v2\/posts\/1799"}],"collection":[{"href":"https:\/\/cplumbier.educacion.navarra.es\/web\/wp-json\/wp\/v2\/posts"}],"about":[{"href":"https:\/\/cplumbier.educacion.navarra.es\/web\/wp-json\/wp\/v2\/types\/post"}],"author":[{"embeddable":true,"href":"https:\/\/cplumbier.educacion.navarra.es\/web\/wp-json\/wp\/v2\/users\/1"}],"replies":[{"embeddable":true,"href":"https:\/\/cplumbier.educacion.navarra.es\/web\/wp-json\/wp\/v2\/comments?post=1799"}],"version-history":[{"count":1,"href":"https:\/\/cplumbier.educacion.navarra.es\/web\/wp-json\/wp\/v2\/posts\/1799\/revisions"}],"predecessor-version":[{"id":1801,"href":"https:\/\/cplumbier.educacion.navarra.es\/web\/wp-json\/wp\/v2\/posts\/1799\/revisions\/1801"}],"wp:attachment":[{"href":"https:\/\/cplumbier.educacion.navarra.es\/web\/wp-json\/wp\/v2\/media?parent=1799"}],"wp:term":[{"taxonomy":"category","embeddable":true,"href":"https:\/\/cplumbier.educacion.navarra.es\/web\/wp-json\/wp\/v2\/categories?post=1799"},{"taxonomy":"post_tag","embeddable":true,"href":"https:\/\/cplumbier.educacion.navarra.es\/web\/wp-json\/wp\/v2\/tags?post=1799"}],"curies":[{"name":"wp","href":"https:\/\/api.w.org\/{rel}","templated":true}]}}