{"id":1985,"date":"2024-02-22T13:35:53","date_gmt":"2024-02-22T12:35:53","guid":{"rendered":"https:\/\/cplumbier.educacion.navarra.es\/web\/?p=1985"},"modified":"2024-02-22T13:35:53","modified_gmt":"2024-02-22T12:35:53","slug":"carnaval-2024","status":"publish","type":"post","link":"https:\/\/cplumbier.educacion.navarra.es\/web\/blog\/2024\/02\/22\/carnaval-2024\/","title":{"rendered":"CARNAVAL 2024"},"content":{"rendered":"\n<p>La semana de carnaval estuvo llena de momentos inolvidables y divertidos. <\/p>\n\n\n\n<p>La semana previa a la celebraci\u00f3n tuvimos la visita del Zanpantzar de Lumbier. Hicimos sonar nuestras esquilas bien alto para llamar a la primavera; nos ense\u00f1aron la piel con la que se visten, el hisopo y las esquilas. Como caracter\u00edstica distintiva, en sus gorros llevan pluma de buitre. Nos encant\u00f3 su visita y nos animaron a que las nuevas generaciones tomen el relevo, \u00bfpor qu\u00e9 no? <a href=\"https:\/\/drive.google.com\/drive\/folders\/1pR_KVqY7YK-u5OkLAq-yNMfQtPBV2DSt?usp=sharing\">Cl<\/a><a rel=\"noreferrer noopener\" href=\"https:\/\/drive.google.com\/drive\/folders\/1pR_KVqY7YK-u5OkLAq-yNMfQtPBV2DSt?usp=drive_link\" target=\"_blank\">icando aqu\u00ed m\u00e1s fotos. <\/a><\/p>\n\n\n\n<figure class=\"wp-block-gallery has-nested-images columns-default is-cropped\">\n<figure class=\"wp-block-image size-large\"><img loading=\"lazy\" width=\"576\" height=\"1024\" data-id=\"1986\"  src=\"https:\/\/cplumbier.educacion.navarra.es\/web\/wp-content\/uploads\/2024\/02\/20240130_114836-576x1024.jpg\" alt=\"\" class=\"wp-image-1986\" srcset=\"https:\/\/cplumbier.educacion.navarra.es\/web\/wp-content\/uploads\/2024\/02\/20240130_114836-576x1024.jpg 576w, https:\/\/cplumbier.educacion.navarra.es\/web\/wp-content\/uploads\/2024\/02\/20240130_114836-169x300.jpg 169w, https:\/\/cplumbier.educacion.navarra.es\/web\/wp-content\/uploads\/2024\/02\/20240130_114836-768x1365.jpg 768w, https:\/\/cplumbier.educacion.navarra.es\/web\/wp-content\/uploads\/2024\/02\/20240130_114836-864x1536.jpg 864w, https:\/\/cplumbier.educacion.navarra.es\/web\/wp-content\/uploads\/2024\/02\/20240130_114836.jpg 1125w\" sizes=\"(max-width: 576px) 100vw, 576px\" \/><\/figure>\n\n\n\n<figure class=\"wp-block-image size-large\"><img loading=\"lazy\" width=\"1024\" height=\"768\" data-id=\"1987\"  src=\"https:\/\/cplumbier.educacion.navarra.es\/web\/wp-content\/uploads\/2024\/02\/20240130_115302-1024x768.jpg\" alt=\"\" class=\"wp-image-1987\" srcset=\"https:\/\/cplumbier.educacion.navarra.es\/web\/wp-content\/uploads\/2024\/02\/20240130_115302-1024x768.jpg 1024w, https:\/\/cplumbier.educacion.navarra.es\/web\/wp-content\/uploads\/2024\/02\/20240130_115302-300x225.jpg 300w, https:\/\/cplumbier.educacion.navarra.es\/web\/wp-content\/uploads\/2024\/02\/20240130_115302-768x576.jpg 768w, https:\/\/cplumbier.educacion.navarra.es\/web\/wp-content\/uploads\/2024\/02\/20240130_115302.jpg 1496w\" sizes=\"(max-width: 1024px) 100vw, 1024px\" \/><\/figure>\n<\/figure>\n\n\n\n<figure class=\"wp-block-image size-large\"><img loading=\"lazy\" width=\"1024\" height=\"576\" src=\"https:\/\/cplumbier.educacion.navarra.es\/web\/wp-content\/uploads\/2024\/02\/20240130_111730-1-1024x576.jpg\" alt=\"\" class=\"wp-image-1989\" srcset=\"https:\/\/cplumbier.educacion.navarra.es\/web\/wp-content\/uploads\/2024\/02\/20240130_111730-1-1024x576.jpg 1024w, https:\/\/cplumbier.educacion.navarra.es\/web\/wp-content\/uploads\/2024\/02\/20240130_111730-1-300x169.jpg 300w, https:\/\/cplumbier.educacion.navarra.es\/web\/wp-content\/uploads\/2024\/02\/20240130_111730-1-768x432.jpg 768w, https:\/\/cplumbier.educacion.navarra.es\/web\/wp-content\/uploads\/2024\/02\/20240130_111730-1-1536x864.jpg 1536w, https:\/\/cplumbier.educacion.navarra.es\/web\/wp-content\/uploads\/2024\/02\/20240130_111730-1.jpg 2000w\" sizes=\"(max-width: 1024px) 100vw, 1024px\" \/><\/figure>\n\n\n\n<p>La semana previa al carnaval nos disfrazamos  siguiendo una serie de consignas, fue super divertidos vernos unos a otros. <\/p>\n\n\n\n<p class=\"has-text-align-center\"><a href=\"http:\/\/Lunes para empezar algo en la cabeza traer\u00e1s.  Martes de carnaval con los calcetines por fuera y de cada color vendr\u00e1s. Mi\u00e9rcoles mira t\u00fa venimos todos de azul. Jueves carnavalero ponte un pa\u00f1uelo en el cuello. Viernes el m\u00e1s especial, vendr\u00e1s con tu disfraz.\" target=\"_blank\" rel=\"noreferrer noopener\">Lunes <\/a>para empezar\u00a0<strong>algo en la cabeza traer\u00e1s.\u00a0<\/strong><\/p>\n\n\n\n<p class=\"has-text-align-center\"><a href=\"https:\/\/drive.google.com\/drive\/folders\/1PBG7RPjLZkzyUEfZ5Eoonxt8ImGb0akD?usp=sharing\" target=\"_blank\" rel=\"noreferrer noopener\">Martes <\/a>de carnaval\u00a0<strong>con los calcetines por fuera y de cada color vendr\u00e1s.<\/strong><\/p>\n\n\n\n<p class=\"has-text-align-center\"><a href=\"https:\/\/drive.google.com\/drive\/folders\/1PDOM5BpZ4_A9r6djL8JEBaijBi9KGXJw?usp=sharing\" target=\"_blank\" rel=\"noreferrer noopener\">Mi\u00e9rcoles <\/a>mira t\u00fa\u00a0<strong>venimos todos de azul.<\/strong><\/p>\n\n\n\n<p class=\"has-text-align-center\"><a href=\"https:\/\/drive.google.com\/drive\/folders\/1PFACX3jXjE2yhzr8I0IGNStkxZSGxhfs?usp=sharing\" target=\"_blank\" rel=\"noreferrer noopener\">Jueves\u00a0<\/a>carnavalero\u00a0<strong>ponte un pa\u00f1uelo en el cuello.<\/strong><\/p>\n\n\n\n<p class=\"has-text-align-center\"><a rel=\"noreferrer noopener\" href=\"https:\/\/drive.google.com\/drive\/folders\/1vQ20kmBzgXB96o6HjbeCL6Bon20qOH4U?usp=sharing\" target=\"_blank\">Viernes <\/a>el m\u00e1s especial,\u00a0<strong>vendr\u00e1s con tu disfraz.\u00a0<\/strong><\/p>\n\n\n\n<p>El viernes fue el d\u00eda m\u00e1s especial de la semana. KALEJIRA CON BAILES, BAILES EN EL CENTRO ACOMPA\u00d1ADOS POR LAS FAMILIAS Y AL FINAL BAILE  ALREDEDOR DE LA HOGUERA PARA AHUYENTAR A LOS MALOS ESP\u00cdRITUS. <\/p>\n\n\n\n<p>Como muestra una foto y tambi\u00e9n <a rel=\"noreferrer noopener\" href=\"https:\/\/drive.google.com\/file\/d\/10Ae6SSi_jsyc3ARyZZBrVxb5IxKc027u\/view?usp=sharing\" target=\"_blank\">un v\u00eddeo<\/a>. \u00a1\u00a1 YA EST\u00c1 M\u00c1S CERCA LA PRIMAVERA Y&#8230;, A DISFRUTAR QUE LA VIDA ES UN CARNAVAL!! Pinchando en la imagen m\u00e1s fotos. <\/p>\n\n\n\n<figure class=\"wp-block-image size-large\"><a href=\"https:\/\/drive.google.com\/drive\/folders\/1pQRj1e-UUZ6ASbD69HALFNu3Sijfs1eo?usp=sharing\"><img loading=\"lazy\" width=\"1024\" height=\"576\" src=\"https:\/\/cplumbier.educacion.navarra.es\/web\/wp-content\/uploads\/2024\/02\/20240209_122538-1024x576.jpg\" alt=\"\" class=\"wp-image-1990\" srcset=\"https:\/\/cplumbier.educacion.navarra.es\/web\/wp-content\/uploads\/2024\/02\/20240209_122538-1024x576.jpg 1024w, https:\/\/cplumbier.educacion.navarra.es\/web\/wp-content\/uploads\/2024\/02\/20240209_122538-300x169.jpg 300w, https:\/\/cplumbier.educacion.navarra.es\/web\/wp-content\/uploads\/2024\/02\/20240209_122538-768x432.jpg 768w, https:\/\/cplumbier.educacion.navarra.es\/web\/wp-content\/uploads\/2024\/02\/20240209_122538-1536x864.jpg 1536w, https:\/\/cplumbier.educacion.navarra.es\/web\/wp-content\/uploads\/2024\/02\/20240209_122538.jpg 2000w\" sizes=\"(max-width: 1024px) 100vw, 1024px\" \/><\/a><figcaption>Alumnado y profesorado del centro en la plaza.<\/figcaption><\/figure>\n","protected":false},"excerpt":{"rendered":"<p>La semana de carnaval estuvo llena de momentos inolvidables y divertidos. La semana previa a la celebraci\u00f3n tuvimos la visita del Zanpantzar de Lumbier. Hicimos sonar nuestras esquilas bien alto para llamar a la primavera; nos ense\u00f1aron la piel con la que se visten, el hisopo y las esquilas. Como caracter\u00edstica distintiva, en sus gorros [&hellip;]<\/p>\n","protected":false},"author":1,"featured_media":1990,"comment_status":"open","ping_status":"open","sticky":true,"template":"","format":"standard","meta":{"_genesis_hide_title":false,"_genesis_hide_breadcrumbs":false,"_genesis_hide_singular_image":false,"_genesis_hide_footer_widgets":false,"_genesis_custom_body_class":"","_genesis_custom_post_class":"","_genesis_layout":""},"categories":[17,14,16,18,13],"tags":[153,154,297,255,21,296],"_links":{"self":[{"href":"https:\/\/cplumbier.educacion.navarra.es\/web\/wp-json\/wp\/v2\/posts\/1985"}],"collection":[{"href":"https:\/\/cplumbier.educacion.navarra.es\/web\/wp-json\/wp\/v2\/posts"}],"about":[{"href":"https:\/\/cplumbier.educacion.navarra.es\/web\/wp-json\/wp\/v2\/types\/post"}],"author":[{"embeddable":true,"href":"https:\/\/cplumbier.educacion.navarra.es\/web\/wp-json\/wp\/v2\/users\/1"}],"replies":[{"embeddable":true,"href":"https:\/\/cplumbier.educacion.navarra.es\/web\/wp-json\/wp\/v2\/comments?post=1985"}],"version-history":[{"count":2,"href":"https:\/\/cplumbier.educacion.navarra.es\/web\/wp-json\/wp\/v2\/posts\/1985\/revisions"}],"predecessor-version":[{"id":1992,"href":"https:\/\/cplumbier.educacion.navarra.es\/web\/wp-json\/wp\/v2\/posts\/1985\/revisions\/1992"}],"wp:featuredmedia":[{"embeddable":true,"href":"https:\/\/cplumbier.educacion.navarra.es\/web\/wp-json\/wp\/v2\/media\/1990"}],"wp:attachment":[{"href":"https:\/\/cplumbier.educacion.navarra.es\/web\/wp-json\/wp\/v2\/media?parent=1985"}],"wp:term":[{"taxonomy":"category","embeddable":true,"href":"https:\/\/cplumbier.educacion.navarra.es\/web\/wp-json\/wp\/v2\/categories?post=1985"},{"taxonomy":"post_tag","embeddable":true,"href":"https:\/\/cplumbier.educacion.navarra.es\/web\/wp-json\/wp\/v2\/tags?post=1985"}],"curies":[{"name":"wp","href":"https:\/\/api.w.org\/{rel}","templated":true}]}}