{"id":901,"date":"2018-09-27T09:23:30","date_gmt":"2018-09-27T07:23:30","guid":{"rendered":"https:\/\/cplumbier.educacion.navarra.es\/web\/?p=901"},"modified":"2019-06-14T23:07:31","modified_gmt":"2019-06-14T21:07:31","slug":"esculturas-de-madera-de-lumbier","status":"publish","type":"post","link":"https:\/\/cplumbier.educacion.navarra.es\/web\/blog\/2018\/09\/27\/esculturas-de-madera-de-lumbier\/","title":{"rendered":"ESCULTURAS DE MADERA DE LUMBIER"},"content":{"rendered":"<p><img loading=\"lazy\" class=\"alignnone wp-image-902 size-large\" src=\"https:\/\/cplumbier.educacion.navarra.es\/web\/wp-content\/uploads\/2018\/11\/foz-de-lumbier-resize1100x728-1024x678.jpeg\" alt=\"\" width=\"1024\" height=\"678\" srcset=\"https:\/\/cplumbier.educacion.navarra.es\/web\/wp-content\/uploads\/2018\/11\/foz-de-lumbier-resize1100x728-1024x678.jpeg 1024w, https:\/\/cplumbier.educacion.navarra.es\/web\/wp-content\/uploads\/2018\/11\/foz-de-lumbier-resize1100x728-300x199.jpeg 300w, https:\/\/cplumbier.educacion.navarra.es\/web\/wp-content\/uploads\/2018\/11\/foz-de-lumbier-resize1100x728-768x508.jpeg 768w, https:\/\/cplumbier.educacion.navarra.es\/web\/wp-content\/uploads\/2018\/11\/foz-de-lumbier-resize1100x728.jpeg 1100w\" sizes=\"(max-width: 1024px) 100vw, 1024px\" \/><\/p>\n<p>Este a\u00f1o nos vamos a empapar de arte. \u00bfPor qu\u00e9? Porque <em>la educaci\u00f3n art\u00edstica no celebra el virtuosismo de una artista, sino transforma a qui\u00e9n mira<\/em>. Estamos en una era en la que a veces nos resulta dif\u00edcil diferenciar entre realidad y representaci\u00f3n, as\u00ed que nuestra labor es proporcionar a las generaciones que vienen los recursos y herramientas necesarias para que sean capaces de observar, analizar, realizar una cr\u00edtica y buscar alternativas.<\/p>\n<p>Cuando les preguntamos si alguien hab\u00eda ido alguna vez a un museo, nos surgieron dos ideas: ser\u00eda genial llevarles a un museo; y por otro lado hab\u00eda que explicarles que no s\u00f3lo se encuentra arte en los museos. Y para eso, pensamos que ser\u00eda buena idea que vieran las esculturas de madera que se encuentran en el paseo que va hacia el camping. Y esa salida nos sirvi\u00f3 para un mont\u00f3n de cosas, porque estuvimos recogiendo hojas, ramas, etc. que luego pudimos utilizar en clase en diferentes actividades.<\/p>\n<blockquote><p>\u00abLa pedagog\u00eda no se da en la escuela, sino en todos los emplazamientos culturales\u00bb (Peter McLaren 1997)<\/p><\/blockquote>\n<p>Por eso mismo la educaci\u00f3n art\u00edstica se desarrolla en cualquier momento y en cualquier lugar y, cuando necesitamos materiales para llevar a cabo un proyecto, podremos encontrarlos en los sitios m\u00e1s dispares.<\/p>\n<p><strong>ANA MENDIETA<\/strong> (Cuba 1948-1957) ha sido durante estos dos primeros meses escolares nuestra referencia en este tipo de arte llamado <em>earth-boy art<\/em>, y en las fotos hemos intentado realizar mimetismos con la naturaleza al igual que lo hac\u00eda ella. Y hemos disfrutado mucho desarrollando nuestra imaginaci\u00f3n y dando rienda suelta a nuestro lado m\u00e1s art\u00edstico y creativo.<\/p>\n<p>PARA VER LAS FOTOS VISITA NUESTRA <a href=\"https:\/\/drive.google.com\/open?id=1RtVnCw2KH1OEnJgPQiD3z4FQ9O9-jqMJ\">GALER\u00cdA<\/a><\/p>\n","protected":false},"excerpt":{"rendered":"<p>Este a\u00f1o nos vamos a empapar de arte. \u00bfPor qu\u00e9? Porque la educaci\u00f3n art\u00edstica no celebra el virtuosismo de una artista, sino transforma a qui\u00e9n mira. Estamos en una era en la que a veces nos resulta dif\u00edcil diferenciar entre realidad y representaci\u00f3n, as\u00ed que nuestra labor es proporcionar a las generaciones que vienen los [&hellip;]<\/p>\n","protected":false},"author":1,"featured_media":0,"comment_status":"open","ping_status":"open","sticky":false,"template":"","format":"standard","meta":{"_genesis_hide_title":false,"_genesis_hide_breadcrumbs":false,"_genesis_hide_singular_image":false,"_genesis_hide_footer_widgets":false,"_genesis_custom_body_class":"","_genesis_custom_post_class":"","_genesis_layout":""},"categories":[14,13],"tags":[31,32,29,30,28],"_links":{"self":[{"href":"https:\/\/cplumbier.educacion.navarra.es\/web\/wp-json\/wp\/v2\/posts\/901"}],"collection":[{"href":"https:\/\/cplumbier.educacion.navarra.es\/web\/wp-json\/wp\/v2\/posts"}],"about":[{"href":"https:\/\/cplumbier.educacion.navarra.es\/web\/wp-json\/wp\/v2\/types\/post"}],"author":[{"embeddable":true,"href":"https:\/\/cplumbier.educacion.navarra.es\/web\/wp-json\/wp\/v2\/users\/1"}],"replies":[{"embeddable":true,"href":"https:\/\/cplumbier.educacion.navarra.es\/web\/wp-json\/wp\/v2\/comments?post=901"}],"version-history":[{"count":3,"href":"https:\/\/cplumbier.educacion.navarra.es\/web\/wp-json\/wp\/v2\/posts\/901\/revisions"}],"predecessor-version":[{"id":1176,"href":"https:\/\/cplumbier.educacion.navarra.es\/web\/wp-json\/wp\/v2\/posts\/901\/revisions\/1176"}],"wp:attachment":[{"href":"https:\/\/cplumbier.educacion.navarra.es\/web\/wp-json\/wp\/v2\/media?parent=901"}],"wp:term":[{"taxonomy":"category","embeddable":true,"href":"https:\/\/cplumbier.educacion.navarra.es\/web\/wp-json\/wp\/v2\/categories?post=901"},{"taxonomy":"post_tag","embeddable":true,"href":"https:\/\/cplumbier.educacion.navarra.es\/web\/wp-json\/wp\/v2\/tags?post=901"}],"curies":[{"name":"wp","href":"https:\/\/api.w.org\/{rel}","templated":true}]}}